{"id":1514,"date":"2024-01-19T12:42:46","date_gmt":"2024-01-19T11:42:46","guid":{"rendered":"https:\/\/alingui.ch\/?p=1514"},"modified":"2024-01-19T12:42:48","modified_gmt":"2024-01-19T11:42:48","slug":"bravo-aurelie","status":"publish","type":"post","link":"https:\/\/alingui.ch\/fr\/bravo-aurelie\/","title":{"rendered":"Bravo Aur\u00e9lie"},"content":{"rendered":"\n<h2 class=\"wp-block-heading alignwide has-text-align-center\" id=\"h-bravo-et-felicitations\">Bravo et f\u00e9licitations !<\/h2>\n\n\n\n<div class=\"wp-block-stackable-spacer stk-block-spacer stk--no-padding stk-block stk-2d362e1\" data-block-id=\"2d362e1\"><style>.stk-2d362e1{height:40px !important}<\/style><\/div>\n\n\n\n<p class=\"has-text-align-center\" style=\"font-size:18px\">Apr\u00e8s avoir obtenu 6\/6 \u00e0 sa soutenance de m\u00e9moire de Master, Aur\u00e9lie est maintenant dipl\u00f4m\u00e9e de la Facult\u00e9 de traduction et d\u2019interpr\u00e9tation de Gen\u00e8ve.                           Je souhaite une belle carri\u00e8re \u00e0 cette jeune traductrice de talent et me r\u00e9jouis de poursuivre notre collaboration au sein d\u2019alingui.<\/p>\n\n\n\n<figure class=\"wp-block-image aligncenter size-full is-resized wp-duotone-unset-1\"><img loading=\"lazy\" decoding=\"async\" width=\"512\" height=\"682\" src=\"https:\/\/alingui.ch\/wp-content\/uploads\/2024\/01\/PHOTO-2023-02-16-17-34-50-edited-1.jpg\" alt=\"\" class=\"wp-image-1517\" style=\"width:521px;height:auto\" srcset=\"https:\/\/alingui.ch\/wp-content\/uploads\/2024\/01\/PHOTO-2023-02-16-17-34-50-edited-1.jpg 512w, https:\/\/alingui.ch\/wp-content\/uploads\/2024\/01\/PHOTO-2023-02-16-17-34-50-edited-1-225x300.jpg 225w, https:\/\/alingui.ch\/wp-content\/uploads\/2024\/01\/PHOTO-2023-02-16-17-34-50-edited-1-9x12.jpg 9w\" sizes=\"auto, (max-width: 512px) 100vw, 512px\" \/><\/figure>\n","protected":false},"excerpt":{"rendered":"<p>Bravo et f\u00e9licitations ! Apr\u00e8s avoir obtenu 6\/6 \u00e0 sa soutenance de m\u00e9moire de Master, Aur\u00e9lie est maintenant dipl\u00f4m\u00e9e de la Facult\u00e9 de traduction et d\u2019interpr\u00e9tation de Gen\u00e8ve. Je souhaite une belle carri\u00e8re \u00e0 cette jeune traductrice de talent et me r\u00e9jouis de poursuivre notre collaboration au sein d\u2019alingui.<\/p>\n","protected":false},"author":1,"featured_media":0,"comment_status":"open","ping_status":"open","sticky":false,"template":"","format":"standard","meta":{"site-sidebar-layout":"default","site-content-layout":"","ast-site-content-layout":"default","site-content-style":"default","site-sidebar-style":"default","ast-global-header-display":"","ast-banner-title-visibility":"","ast-main-header-display":"","ast-hfb-above-header-display":"","ast-hfb-below-header-display":"","ast-hfb-mobile-header-display":"","site-post-title":"disabled","ast-breadcrumbs-content":"","ast-featured-img":"","footer-sml-layout":"","theme-transparent-header-meta":"","adv-header-id-meta":"","stick-header-meta":"","header-above-stick-meta":"","header-main-stick-meta":"","header-below-stick-meta":"","astra-migrate-meta-layouts":"default","ast-page-background-enabled":"default","ast-page-background-meta":{"desktop":{"background-color":"var(--ast-global-color-4)","background-image":"","background-repeat":"repeat","background-position":"center center","background-size":"auto","background-attachment":"scroll","background-type":"","background-media":"","overlay-type":"","overlay-color":"","overlay-opacity":"","overlay-gradient":""},"tablet":{"background-color":"","background-image":"","background-repeat":"repeat","background-position":"center center","background-size":"auto","background-attachment":"scroll","background-type":"","background-media":"","overlay-type":"","overlay-color":"","overlay-opacity":"","overlay-gradient":""},"mobile":{"background-color":"","background-image":"","background-repeat":"repeat","background-position":"center center","background-size":"auto","background-attachment":"scroll","background-type":"","background-media":"","overlay-type":"","overlay-color":"","overlay-opacity":"","overlay-gradient":""}},"ast-content-background-meta":{"desktop":{"background-color":"var(--ast-global-color-5)","background-image":"","background-repeat":"repeat","background-position":"center center","background-size":"auto","background-attachment":"scroll","background-type":"","background-media":"","overlay-type":"","overlay-color":"","overlay-opacity":"","overlay-gradient":""},"tablet":{"background-color":"var(--ast-global-color-5)","background-image":"","background-repeat":"repeat","background-position":"center center","background-size":"auto","background-attachment":"scroll","background-type":"","background-media":"","overlay-type":"","overlay-color":"","overlay-opacity":"","overlay-gradient":""},"mobile":{"background-color":"var(--ast-global-color-5)","background-image":"","background-repeat":"repeat","background-position":"center center","background-size":"auto","background-attachment":"scroll","background-type":"","background-media":"","overlay-type":"","overlay-color":"","overlay-opacity":"","overlay-gradient":""}},"footnotes":""},"categories":[1],"tags":[],"class_list":["post-1514","post","type-post","status-publish","format-standard","hentry","category-uncategorized"],"yoast_head":"<!-- This site is optimized with the Yoast SEO Premium plugin v26.4 (Yoast SEO v27.5) - https:\/\/yoast.com\/product\/yoast-seo-premium-wordpress\/ -->\n<title>Bravo Aur\u00e9lie - alingui<\/title>\n<meta name=\"description\" content=\"Apr\u00e8s avoir obtenu 6\/6 \u00e0 sa soutenance de m\u00e9moire de Master, Aur\u00e9lie est maintenant dipl\u00f4m\u00e9e de la Facult\u00e9 de traduction et d\u2019interpr\u00e9tation de Gen\u00e8ve.\" \/>\n<meta name=\"robots\" content=\"index, follow, max-snippet:-1, max-image-preview:large, max-video-preview:-1\" \/>\n<link rel=\"canonical\" href=\"https:\/\/alingui.ch\/fr\/bravo-aurelie\/\" \/>\n<meta property=\"og:locale\" content=\"fr_FR\" \/>\n<meta property=\"og:type\" content=\"article\" \/>\n<meta property=\"og:title\" content=\"Bravo Aur\u00e9lie\" \/>\n<meta property=\"og:description\" content=\"Apr\u00e8s avoir obtenu 6\/6 \u00e0 sa soutenance de m\u00e9moire de Master, Aur\u00e9lie est maintenant dipl\u00f4m\u00e9e de la Facult\u00e9 de traduction et d\u2019interpr\u00e9tation de Gen\u00e8ve.\" \/>\n<meta property=\"og:url\" content=\"https:\/\/alingui.ch\/fr\/bravo-aurelie\/\" \/>\n<meta property=\"og:site_name\" content=\"alingui\" \/>\n<meta property=\"article:publisher\" content=\"https:\/\/www.facebook.com\/profile.php?id=100087957356267\" \/>\n<meta property=\"article:published_time\" content=\"2024-01-19T11:42:46+00:00\" \/>\n<meta property=\"article:modified_time\" content=\"2024-01-19T11:42:48+00:00\" \/>\n<meta property=\"og:image\" content=\"https:\/\/alingui.ch\/wp-content\/uploads\/2024\/01\/PHOTO-2023-02-16-17-34-50-edited-1.jpg\" \/>\n<meta name=\"author\" content=\"Adn_Alingui\" \/>\n<meta name=\"twitter:card\" content=\"summary_large_image\" \/>\n<meta name=\"twitter:label1\" content=\"\u00c9crit par\" \/>\n\t<meta name=\"twitter:data1\" content=\"Adn_Alingui\" \/>\n\t<meta name=\"twitter:label2\" content=\"Dur\u00e9e de lecture estim\u00e9e\" \/>\n\t<meta name=\"twitter:data2\" content=\"1 minute\" \/>\n<script type=\"application\/ld+json\" class=\"yoast-schema-graph\">{\"@context\":\"https:\\\/\\\/schema.org\",\"@graph\":[{\"@type\":\"Article\",\"@id\":\"https:\\\/\\\/alingui.ch\\\/bravo-aurelie\\\/#article\",\"isPartOf\":{\"@id\":\"https:\\\/\\\/alingui.ch\\\/bravo-aurelie\\\/\"},\"author\":{\"name\":\"Adn_Alingui\",\"@id\":\"https:\\\/\\\/alingui.ch\\\/fr\\\/#\\\/schema\\\/person\\\/a8daf901429739cdafd119f73a14dbbe\"},\"headline\":\"Bravo Aur\u00e9lie\",\"datePublished\":\"2024-01-19T11:42:46+00:00\",\"dateModified\":\"2024-01-19T11:42:48+00:00\",\"mainEntityOfPage\":{\"@id\":\"https:\\\/\\\/alingui.ch\\\/bravo-aurelie\\\/\"},\"wordCount\":60,\"commentCount\":0,\"publisher\":{\"@id\":\"https:\\\/\\\/alingui.ch\\\/fr\\\/#organization\"},\"image\":{\"@id\":\"https:\\\/\\\/alingui.ch\\\/bravo-aurelie\\\/#primaryimage\"},\"thumbnailUrl\":\"https:\\\/\\\/alingui.ch\\\/wp-content\\\/uploads\\\/2024\\\/01\\\/PHOTO-2023-02-16-17-34-50-edited-1.jpg\",\"articleSection\":[\"Uncategorized\"],\"inLanguage\":\"fr-FR\",\"potentialAction\":[{\"@type\":\"CommentAction\",\"name\":\"Comment\",\"target\":[\"https:\\\/\\\/alingui.ch\\\/bravo-aurelie\\\/#respond\"]}]},{\"@type\":\"WebPage\",\"@id\":\"https:\\\/\\\/alingui.ch\\\/bravo-aurelie\\\/\",\"url\":\"https:\\\/\\\/alingui.ch\\\/bravo-aurelie\\\/\",\"name\":\"Bravo Aur\u00e9lie - alingui\",\"isPartOf\":{\"@id\":\"https:\\\/\\\/alingui.ch\\\/fr\\\/#website\"},\"primaryImageOfPage\":{\"@id\":\"https:\\\/\\\/alingui.ch\\\/bravo-aurelie\\\/#primaryimage\"},\"image\":{\"@id\":\"https:\\\/\\\/alingui.ch\\\/bravo-aurelie\\\/#primaryimage\"},\"thumbnailUrl\":\"https:\\\/\\\/alingui.ch\\\/wp-content\\\/uploads\\\/2024\\\/01\\\/PHOTO-2023-02-16-17-34-50-edited-1.jpg\",\"datePublished\":\"2024-01-19T11:42:46+00:00\",\"dateModified\":\"2024-01-19T11:42:48+00:00\",\"description\":\"Apr\u00e8s avoir obtenu 6\\\/6 \u00e0 sa soutenance de m\u00e9moire de Master, Aur\u00e9lie est maintenant dipl\u00f4m\u00e9e de la Facult\u00e9 de traduction et d\u2019interpr\u00e9tation de Gen\u00e8ve.\",\"breadcrumb\":{\"@id\":\"https:\\\/\\\/alingui.ch\\\/bravo-aurelie\\\/#breadcrumb\"},\"inLanguage\":\"fr-FR\",\"potentialAction\":[{\"@type\":\"ReadAction\",\"target\":[\"https:\\\/\\\/alingui.ch\\\/bravo-aurelie\\\/\"]}]},{\"@type\":\"ImageObject\",\"inLanguage\":\"fr-FR\",\"@id\":\"https:\\\/\\\/alingui.ch\\\/bravo-aurelie\\\/#primaryimage\",\"url\":\"https:\\\/\\\/alingui.ch\\\/wp-content\\\/uploads\\\/2024\\\/01\\\/PHOTO-2023-02-16-17-34-50-edited-1.jpg\",\"contentUrl\":\"https:\\\/\\\/alingui.ch\\\/wp-content\\\/uploads\\\/2024\\\/01\\\/PHOTO-2023-02-16-17-34-50-edited-1.jpg\"},{\"@type\":\"BreadcrumbList\",\"@id\":\"https:\\\/\\\/alingui.ch\\\/bravo-aurelie\\\/#breadcrumb\",\"itemListElement\":[{\"@type\":\"ListItem\",\"position\":1,\"name\":\"Accueil\",\"item\":\"https:\\\/\\\/alingui.ch\\\/\"},{\"@type\":\"ListItem\",\"position\":2,\"name\":\"Bravo Aur\u00e9lie\"}]},{\"@type\":\"WebSite\",\"@id\":\"https:\\\/\\\/alingui.ch\\\/fr\\\/#website\",\"url\":\"https:\\\/\\\/alingui.ch\\\/fr\\\/\",\"name\":\"alingui\",\"description\":\"Qualit\u00e9 et passion\",\"publisher\":{\"@id\":\"https:\\\/\\\/alingui.ch\\\/fr\\\/#organization\"},\"alternateName\":\"alingui Services linguistiques\",\"potentialAction\":[{\"@type\":\"SearchAction\",\"target\":{\"@type\":\"EntryPoint\",\"urlTemplate\":\"https:\\\/\\\/alingui.ch\\\/fr\\\/?s={search_term_string}\"},\"query-input\":{\"@type\":\"PropertyValueSpecification\",\"valueRequired\":true,\"valueName\":\"search_term_string\"}}],\"inLanguage\":\"fr-FR\"},{\"@type\":\"Organization\",\"@id\":\"https:\\\/\\\/alingui.ch\\\/fr\\\/#organization\",\"name\":\"alingui\",\"alternateName\":\"alingui Services linguistiques\",\"url\":\"https:\\\/\\\/alingui.ch\\\/fr\\\/\",\"logo\":{\"@type\":\"ImageObject\",\"inLanguage\":\"fr-FR\",\"@id\":\"https:\\\/\\\/alingui.ch\\\/fr\\\/#\\\/schema\\\/logo\\\/image\\\/\",\"url\":\"https:\\\/\\\/alingui.ch\\\/wp-content\\\/uploads\\\/2023\\\/05\\\/cropped-alingui_francais-removebg-preview-1.png\",\"contentUrl\":\"https:\\\/\\\/alingui.ch\\\/wp-content\\\/uploads\\\/2023\\\/05\\\/cropped-alingui_francais-removebg-preview-1.png\",\"width\":663,\"height\":375,\"caption\":\"alingui\"},\"image\":{\"@id\":\"https:\\\/\\\/alingui.ch\\\/fr\\\/#\\\/schema\\\/logo\\\/image\\\/\"},\"sameAs\":[\"https:\\\/\\\/www.facebook.com\\\/profile.php?id=100087957356267\",\"https:\\\/\\\/www.linkedin.com\\\/company\\\/91549963\\\/admin\\\/\"]},{\"@type\":\"Person\",\"@id\":\"https:\\\/\\\/alingui.ch\\\/fr\\\/#\\\/schema\\\/person\\\/a8daf901429739cdafd119f73a14dbbe\",\"name\":\"Adn_Alingui\",\"image\":{\"@type\":\"ImageObject\",\"inLanguage\":\"fr-FR\",\"@id\":\"https:\\\/\\\/secure.gravatar.com\\\/avatar\\\/af9ddc667ad170567f2b135c458def079bfbaf15eee0368027347b89c8a4b26c?s=96&d=mm&r=g\",\"url\":\"https:\\\/\\\/secure.gravatar.com\\\/avatar\\\/af9ddc667ad170567f2b135c458def079bfbaf15eee0368027347b89c8a4b26c?s=96&d=mm&r=g\",\"contentUrl\":\"https:\\\/\\\/secure.gravatar.com\\\/avatar\\\/af9ddc667ad170567f2b135c458def079bfbaf15eee0368027347b89c8a4b26c?s=96&d=mm&r=g\",\"caption\":\"Adn_Alingui\"},\"sameAs\":[\"http:\\\/\\\/alingui.ch\"],\"url\":\"https:\\\/\\\/alingui.ch\\\/fr\\\/author\\\/adn_alingui\\\/\"}]}<\/script>\n<!-- \/ Yoast SEO Premium plugin. -->","yoast_head_json":{"title":"Bravo Aur\u00e9lie - alingui","description":"Apr\u00e8s avoir obtenu 6\/6 \u00e0 sa soutenance de m\u00e9moire de Master, Aur\u00e9lie est maintenant dipl\u00f4m\u00e9e de la Facult\u00e9 de traduction et d\u2019interpr\u00e9tation de Gen\u00e8ve.","robots":{"index":"index","follow":"follow","max-snippet":"max-snippet:-1","max-image-preview":"max-image-preview:large","max-video-preview":"max-video-preview:-1"},"canonical":"https:\/\/alingui.ch\/fr\/bravo-aurelie\/","og_locale":"fr_FR","og_type":"article","og_title":"Bravo Aur\u00e9lie","og_description":"Apr\u00e8s avoir obtenu 6\/6 \u00e0 sa soutenance de m\u00e9moire de Master, Aur\u00e9lie est maintenant dipl\u00f4m\u00e9e de la Facult\u00e9 de traduction et d\u2019interpr\u00e9tation de Gen\u00e8ve.","og_url":"https:\/\/alingui.ch\/fr\/bravo-aurelie\/","og_site_name":"alingui","article_publisher":"https:\/\/www.facebook.com\/profile.php?id=100087957356267","article_published_time":"2024-01-19T11:42:46+00:00","article_modified_time":"2024-01-19T11:42:48+00:00","og_image":[{"url":"https:\/\/alingui.ch\/wp-content\/uploads\/2024\/01\/PHOTO-2023-02-16-17-34-50-edited-1.jpg","type":"","width":"","height":""}],"author":"Adn_Alingui","twitter_card":"summary_large_image","twitter_misc":{"\u00c9crit par":"Adn_Alingui","Dur\u00e9e de lecture estim\u00e9e":"1 minute"},"schema":{"@context":"https:\/\/schema.org","@graph":[{"@type":"Article","@id":"https:\/\/alingui.ch\/bravo-aurelie\/#article","isPartOf":{"@id":"https:\/\/alingui.ch\/bravo-aurelie\/"},"author":{"name":"Adn_Alingui","@id":"https:\/\/alingui.ch\/fr\/#\/schema\/person\/a8daf901429739cdafd119f73a14dbbe"},"headline":"Bravo Aur\u00e9lie","datePublished":"2024-01-19T11:42:46+00:00","dateModified":"2024-01-19T11:42:48+00:00","mainEntityOfPage":{"@id":"https:\/\/alingui.ch\/bravo-aurelie\/"},"wordCount":60,"commentCount":0,"publisher":{"@id":"https:\/\/alingui.ch\/fr\/#organization"},"image":{"@id":"https:\/\/alingui.ch\/bravo-aurelie\/#primaryimage"},"thumbnailUrl":"https:\/\/alingui.ch\/wp-content\/uploads\/2024\/01\/PHOTO-2023-02-16-17-34-50-edited-1.jpg","articleSection":["Uncategorized"],"inLanguage":"fr-FR","potentialAction":[{"@type":"CommentAction","name":"Comment","target":["https:\/\/alingui.ch\/bravo-aurelie\/#respond"]}]},{"@type":"WebPage","@id":"https:\/\/alingui.ch\/bravo-aurelie\/","url":"https:\/\/alingui.ch\/bravo-aurelie\/","name":"Bravo Aur\u00e9lie - alingui","isPartOf":{"@id":"https:\/\/alingui.ch\/fr\/#website"},"primaryImageOfPage":{"@id":"https:\/\/alingui.ch\/bravo-aurelie\/#primaryimage"},"image":{"@id":"https:\/\/alingui.ch\/bravo-aurelie\/#primaryimage"},"thumbnailUrl":"https:\/\/alingui.ch\/wp-content\/uploads\/2024\/01\/PHOTO-2023-02-16-17-34-50-edited-1.jpg","datePublished":"2024-01-19T11:42:46+00:00","dateModified":"2024-01-19T11:42:48+00:00","description":"Apr\u00e8s avoir obtenu 6\/6 \u00e0 sa soutenance de m\u00e9moire de Master, Aur\u00e9lie est maintenant dipl\u00f4m\u00e9e de la Facult\u00e9 de traduction et d\u2019interpr\u00e9tation de Gen\u00e8ve.","breadcrumb":{"@id":"https:\/\/alingui.ch\/bravo-aurelie\/#breadcrumb"},"inLanguage":"fr-FR","potentialAction":[{"@type":"ReadAction","target":["https:\/\/alingui.ch\/bravo-aurelie\/"]}]},{"@type":"ImageObject","inLanguage":"fr-FR","@id":"https:\/\/alingui.ch\/bravo-aurelie\/#primaryimage","url":"https:\/\/alingui.ch\/wp-content\/uploads\/2024\/01\/PHOTO-2023-02-16-17-34-50-edited-1.jpg","contentUrl":"https:\/\/alingui.ch\/wp-content\/uploads\/2024\/01\/PHOTO-2023-02-16-17-34-50-edited-1.jpg"},{"@type":"BreadcrumbList","@id":"https:\/\/alingui.ch\/bravo-aurelie\/#breadcrumb","itemListElement":[{"@type":"ListItem","position":1,"name":"Accueil","item":"https:\/\/alingui.ch\/"},{"@type":"ListItem","position":2,"name":"Bravo Aur\u00e9lie"}]},{"@type":"WebSite","@id":"https:\/\/alingui.ch\/fr\/#website","url":"https:\/\/alingui.ch\/fr\/","name":"alingui","description":"Qualit\u00e9 et passion","publisher":{"@id":"https:\/\/alingui.ch\/fr\/#organization"},"alternateName":"alingui Services linguistiques","potentialAction":[{"@type":"SearchAction","target":{"@type":"EntryPoint","urlTemplate":"https:\/\/alingui.ch\/fr\/?s={search_term_string}"},"query-input":{"@type":"PropertyValueSpecification","valueRequired":true,"valueName":"search_term_string"}}],"inLanguage":"fr-FR"},{"@type":"Organization","@id":"https:\/\/alingui.ch\/fr\/#organization","name":"alingui","alternateName":"alingui Services linguistiques","url":"https:\/\/alingui.ch\/fr\/","logo":{"@type":"ImageObject","inLanguage":"fr-FR","@id":"https:\/\/alingui.ch\/fr\/#\/schema\/logo\/image\/","url":"https:\/\/alingui.ch\/wp-content\/uploads\/2023\/05\/cropped-alingui_francais-removebg-preview-1.png","contentUrl":"https:\/\/alingui.ch\/wp-content\/uploads\/2023\/05\/cropped-alingui_francais-removebg-preview-1.png","width":663,"height":375,"caption":"alingui"},"image":{"@id":"https:\/\/alingui.ch\/fr\/#\/schema\/logo\/image\/"},"sameAs":["https:\/\/www.facebook.com\/profile.php?id=100087957356267","https:\/\/www.linkedin.com\/company\/91549963\/admin\/"]},{"@type":"Person","@id":"https:\/\/alingui.ch\/fr\/#\/schema\/person\/a8daf901429739cdafd119f73a14dbbe","name":"Adn_Alingui","image":{"@type":"ImageObject","inLanguage":"fr-FR","@id":"https:\/\/secure.gravatar.com\/avatar\/af9ddc667ad170567f2b135c458def079bfbaf15eee0368027347b89c8a4b26c?s=96&d=mm&r=g","url":"https:\/\/secure.gravatar.com\/avatar\/af9ddc667ad170567f2b135c458def079bfbaf15eee0368027347b89c8a4b26c?s=96&d=mm&r=g","contentUrl":"https:\/\/secure.gravatar.com\/avatar\/af9ddc667ad170567f2b135c458def079bfbaf15eee0368027347b89c8a4b26c?s=96&d=mm&r=g","caption":"Adn_Alingui"},"sameAs":["http:\/\/alingui.ch"],"url":"https:\/\/alingui.ch\/fr\/author\/adn_alingui\/"}]}},"_links":{"self":[{"href":"https:\/\/alingui.ch\/fr\/wp-json\/wp\/v2\/posts\/1514","targetHints":{"allow":["GET"]}}],"collection":[{"href":"https:\/\/alingui.ch\/fr\/wp-json\/wp\/v2\/posts"}],"about":[{"href":"https:\/\/alingui.ch\/fr\/wp-json\/wp\/v2\/types\/post"}],"author":[{"embeddable":true,"href":"https:\/\/alingui.ch\/fr\/wp-json\/wp\/v2\/users\/1"}],"replies":[{"embeddable":true,"href":"https:\/\/alingui.ch\/fr\/wp-json\/wp\/v2\/comments?post=1514"}],"version-history":[{"count":3,"href":"https:\/\/alingui.ch\/fr\/wp-json\/wp\/v2\/posts\/1514\/revisions"}],"predecessor-version":[{"id":1519,"href":"https:\/\/alingui.ch\/fr\/wp-json\/wp\/v2\/posts\/1514\/revisions\/1519"}],"wp:attachment":[{"href":"https:\/\/alingui.ch\/fr\/wp-json\/wp\/v2\/media?parent=1514"}],"wp:term":[{"taxonomy":"category","embeddable":true,"href":"https:\/\/alingui.ch\/fr\/wp-json\/wp\/v2\/categories?post=1514"},{"taxonomy":"post_tag","embeddable":true,"href":"https:\/\/alingui.ch\/fr\/wp-json\/wp\/v2\/tags?post=1514"}],"curies":[{"name":"wp","href":"https:\/\/api.w.org\/{rel}","templated":true}]}}